{"id":5905,"date":"2021-08-13T08:42:50","date_gmt":"2021-08-13T08:42:50","guid":{"rendered":"https:\/\/macro-frio.pt\/?p=5905"},"modified":"2021-08-13T08:42:52","modified_gmt":"2021-08-13T08:42:52","slug":"macro-frio-aposta-na-inovacao-e-responsabilidade-ambiental","status":"publish","type":"post","link":"https:\/\/macro-frio.pt\/en\/macro-frio-aposta-na-inovacao-e-responsabilidade-ambiental\/","title":{"rendered":"Macro-Frio aposta na inova\u00e7\u00e3o e responsabilidade ambiental"},"content":{"rendered":"<p>A Macro-Frio aposta na inova\u00e7\u00e3o e assume a sua responsabilidade ambiental e empresarial no que toca \u00e0 transi\u00e7\u00e3o energ\u00e9tica. O plano em curso de transi\u00e7\u00e3o energ\u00e9tica da Macro-Frio deu mais um passo importante com o investimento em pain\u00e9is solares. Esta aposta \u00e9 uma estrat\u00e9gia que vem dar primazia ao uso consciente de recursos naturais fortalecendo assim a efici\u00eancia energ\u00e9tica de toda atividade da empresa. &nbsp;Deu um passo e tem na sua cultura uma din\u00e2mica constante na aplica\u00e7\u00e3o de estrat\u00e9gias que fortale\u00e7am.<\/p>\n<p>A necessidade deste investimento prende-se pelo&nbsp;crescimento org\u00e2nico e estrutural da Macro-Frio, que fruto da sua cultura evolutiva e din\u00e2mica n\u00e3o poderia deixar de estar na linha da frente da tend\u00eancia da economia circular e no uso inteligente dos recursos naturais e consequentemente a redu\u00e7\u00e3o de emiss\u00f5es de carbono zero. No plano estrat\u00e9gico que tem vindo a ser implementado, este \u00e9 um passo importante para a Macro-Frio afirmar o seu reconhecimento como uma empresa amiga do ambiente virada para a sustentabilidade.<\/p>\n<p>O nosso posicionamento no setor alimentar exige de n\u00f3s este caminho, um caminho que nos leva a uma implanta\u00e7\u00e3o sustentada e bem sedimentada, pretendemos estar na linha da frente nos desafios que ir\u00e3o marcar a pr\u00f3xima d\u00e9cada.<\/p>","protected":false},"excerpt":{"rendered":"<p>A Macro-Frio aposta na inova\u00e7\u00e3o e assume a sua responsabilidade ambiental e empresarial no que toca \u00e0 transi\u00e7\u00e3o energ\u00e9tica. O plano em curso de transi\u00e7\u00e3o energ\u00e9tica da Macro-Frio deu mais um passo importante com o investimento em pain\u00e9is solares. Esta aposta \u00e9 uma estrat\u00e9gia que vem dar primazia ao uso consciente de recursos naturais fortalecendo [&hellip;]<\/p>","protected":false},"author":1,"featured_media":4666,"comment_status":"closed","ping_status":"closed","sticky":false,"template":"","format":"standard","meta":{"footnotes":""},"categories":[39],"tags":[],"class_list":["post-5905","post","type-post","status-publish","format-standard","has-post-thumbnail","hentry","category-galeria-de-imagens"],"_links":{"self":[{"href":"https:\/\/macro-frio.pt\/en\/wp-json\/wp\/v2\/posts\/5905","targetHints":{"allow":["GET"]}}],"collection":[{"href":"https:\/\/macro-frio.pt\/en\/wp-json\/wp\/v2\/posts"}],"about":[{"href":"https:\/\/macro-frio.pt\/en\/wp-json\/wp\/v2\/types\/post"}],"author":[{"embeddable":true,"href":"https:\/\/macro-frio.pt\/en\/wp-json\/wp\/v2\/users\/1"}],"replies":[{"embeddable":true,"href":"https:\/\/macro-frio.pt\/en\/wp-json\/wp\/v2\/comments?post=5905"}],"version-history":[{"count":1,"href":"https:\/\/macro-frio.pt\/en\/wp-json\/wp\/v2\/posts\/5905\/revisions"}],"predecessor-version":[{"id":5911,"href":"https:\/\/macro-frio.pt\/en\/wp-json\/wp\/v2\/posts\/5905\/revisions\/5911"}],"wp:featuredmedia":[{"embeddable":true,"href":"https:\/\/macro-frio.pt\/en\/wp-json\/wp\/v2\/media\/4666"}],"wp:attachment":[{"href":"https:\/\/macro-frio.pt\/en\/wp-json\/wp\/v2\/media?parent=5905"}],"wp:term":[{"taxonomy":"category","embeddable":true,"href":"https:\/\/macro-frio.pt\/en\/wp-json\/wp\/v2\/categories?post=5905"},{"taxonomy":"post_tag","embeddable":true,"href":"https:\/\/macro-frio.pt\/en\/wp-json\/wp\/v2\/tags?post=5905"}],"curies":[{"name":"wp","href":"https:\/\/api.w.org\/{rel}","templated":true}]}}