{"id":5902,"date":"2021-08-13T08:40:35","date_gmt":"2021-08-13T08:40:35","guid":{"rendered":"https:\/\/macro-frio.pt\/?p=5902"},"modified":"2021-08-13T08:41:32","modified_gmt":"2021-08-13T08:41:32","slug":"sisab-2019-estivemos-presentes-em-mais-uma-edicao","status":"publish","type":"post","link":"https:\/\/macro-frio.pt\/en\/sisab-2019-estivemos-presentes-em-mais-uma-edicao\/","title":{"rendered":"SISAB 2019 &#8211; estivemos presentes em mais uma edi\u00e7\u00e3o"},"content":{"rendered":"<p>Apresentando um stand pr\u00f3prio, \u00e0 semelhan\u00e7a das edi\u00e7\u00f5es anteriores, deu a conhecer a sua vasta gama de produtos frescos, transformados e congelados.<\/p>\n<p>O SISAB PORTUGAL conta j\u00e1 com a 24\u00aa edi\u00e7\u00e3o e a Macro-frio congratula-se com o sucesso da participa\u00e7\u00e3o neste evento internacional onde divulgou os seus produtos e marcas a compradores de todo o mundo.<\/p>","protected":false},"excerpt":{"rendered":"<p>Apresentando um stand pr\u00f3prio, \u00e0 semelhan\u00e7a das edi\u00e7\u00f5es anteriores, deu a conhecer a sua vasta gama de produtos frescos, transformados e congelados. O SISAB PORTUGAL conta j\u00e1 com a 24\u00aa edi\u00e7\u00e3o e a Macro-frio congratula-se com o sucesso da participa\u00e7\u00e3o neste evento internacional onde divulgou os seus produtos e marcas a compradores de todo o [&hellip;]<\/p>","protected":false},"author":1,"featured_media":5236,"comment_status":"closed","ping_status":"closed","sticky":false,"template":"","format":"standard","meta":{"footnotes":""},"categories":[39],"tags":[],"class_list":["post-5902","post","type-post","status-publish","format-standard","has-post-thumbnail","hentry","category-galeria-de-imagens"],"_links":{"self":[{"href":"https:\/\/macro-frio.pt\/en\/wp-json\/wp\/v2\/posts\/5902","targetHints":{"allow":["GET"]}}],"collection":[{"href":"https:\/\/macro-frio.pt\/en\/wp-json\/wp\/v2\/posts"}],"about":[{"href":"https:\/\/macro-frio.pt\/en\/wp-json\/wp\/v2\/types\/post"}],"author":[{"embeddable":true,"href":"https:\/\/macro-frio.pt\/en\/wp-json\/wp\/v2\/users\/1"}],"replies":[{"embeddable":true,"href":"https:\/\/macro-frio.pt\/en\/wp-json\/wp\/v2\/comments?post=5902"}],"version-history":[{"count":1,"href":"https:\/\/macro-frio.pt\/en\/wp-json\/wp\/v2\/posts\/5902\/revisions"}],"predecessor-version":[{"id":5908,"href":"https:\/\/macro-frio.pt\/en\/wp-json\/wp\/v2\/posts\/5902\/revisions\/5908"}],"wp:featuredmedia":[{"embeddable":true,"href":"https:\/\/macro-frio.pt\/en\/wp-json\/wp\/v2\/media\/5236"}],"wp:attachment":[{"href":"https:\/\/macro-frio.pt\/en\/wp-json\/wp\/v2\/media?parent=5902"}],"wp:term":[{"taxonomy":"category","embeddable":true,"href":"https:\/\/macro-frio.pt\/en\/wp-json\/wp\/v2\/categories?post=5902"},{"taxonomy":"post_tag","embeddable":true,"href":"https:\/\/macro-frio.pt\/en\/wp-json\/wp\/v2\/tags?post=5902"}],"curies":[{"name":"wp","href":"https:\/\/api.w.org\/{rel}","templated":true}]}}