{"id":5899,"date":"2021-08-13T08:37:50","date_gmt":"2021-08-13T08:37:50","guid":{"rendered":"https:\/\/macro-frio.pt\/?p=5899"},"modified":"2021-08-13T08:41:44","modified_gmt":"2021-08-13T08:41:44","slug":"macro-frio-recebe-alunos-do-agrupamento-de-escolas-de-tarouca","status":"publish","type":"post","link":"https:\/\/macro-frio.pt\/de\/macro-frio-recebe-alunos-do-agrupamento-de-escolas-de-tarouca\/","title":{"rendered":"Macro-frio recebe alunos do Agrupamento de Escolas de Tarouca"},"content":{"rendered":"<p>A Macro-frio recebeu no passado dia 3 de maio, uma visita de estudo de alunos do Agrupamento de Escolas de Tarouca.<\/p>\n<p>A visita de estudo efetuou-se no \u00e2mbito da disciplina de Ambiente e Desenvolvimento Rural do Curso Profissional de T\u00e9cnicos de Turismo Ambiental e Rural.<br \/>\nOs alunos tiveram a&nbsp; oportunidade de visitar as unidades de produ\u00e7\u00e3o de peixe, carne e tamb\u00e9m pr\u00e9-cozinhados.<\/p>","protected":false},"excerpt":{"rendered":"<p>A Macro-frio recebeu no passado dia 3 de maio, uma visita de estudo de alunos do Agrupamento de Escolas de Tarouca. A visita de estudo efetuou-se no \u00e2mbito da disciplina de Ambiente e Desenvolvimento Rural do Curso Profissional de T\u00e9cnicos de Turismo Ambiental e Rural. Os alunos tiveram a&nbsp; oportunidade de visitar as unidades de [&hellip;]<\/p>","protected":false},"author":1,"featured_media":4670,"comment_status":"closed","ping_status":"closed","sticky":false,"template":"","format":"standard","meta":{"footnotes":""},"categories":[39],"tags":[],"class_list":["post-5899","post","type-post","status-publish","format-standard","has-post-thumbnail","hentry","category-galeria-de-imagens"],"_links":{"self":[{"href":"https:\/\/macro-frio.pt\/de\/wp-json\/wp\/v2\/posts\/5899","targetHints":{"allow":["GET"]}}],"collection":[{"href":"https:\/\/macro-frio.pt\/de\/wp-json\/wp\/v2\/posts"}],"about":[{"href":"https:\/\/macro-frio.pt\/de\/wp-json\/wp\/v2\/types\/post"}],"author":[{"embeddable":true,"href":"https:\/\/macro-frio.pt\/de\/wp-json\/wp\/v2\/users\/1"}],"replies":[{"embeddable":true,"href":"https:\/\/macro-frio.pt\/de\/wp-json\/wp\/v2\/comments?post=5899"}],"version-history":[{"count":1,"href":"https:\/\/macro-frio.pt\/de\/wp-json\/wp\/v2\/posts\/5899\/revisions"}],"predecessor-version":[{"id":5900,"href":"https:\/\/macro-frio.pt\/de\/wp-json\/wp\/v2\/posts\/5899\/revisions\/5900"}],"wp:featuredmedia":[{"embeddable":true,"href":"https:\/\/macro-frio.pt\/de\/wp-json\/wp\/v2\/media\/4670"}],"wp:attachment":[{"href":"https:\/\/macro-frio.pt\/de\/wp-json\/wp\/v2\/media?parent=5899"}],"wp:term":[{"taxonomy":"category","embeddable":true,"href":"https:\/\/macro-frio.pt\/de\/wp-json\/wp\/v2\/categories?post=5899"},{"taxonomy":"post_tag","embeddable":true,"href":"https:\/\/macro-frio.pt\/de\/wp-json\/wp\/v2\/tags?post=5899"}],"curies":[{"name":"wp","href":"https:\/\/api.w.org\/{rel}","templated":true}]}}